{"id":2968,"date":"2025-07-08T11:41:06","date_gmt":"2025-07-08T08:41:06","guid":{"rendered":"https:\/\/www.cuneytdari.com\/?p=2968"},"modified":"2025-07-22T13:19:16","modified_gmt":"2025-07-22T10:19:16","slug":"spatial-hierarchy-the-architectural-language-of-layered-use","status":"publish","type":"post","link":"https:\/\/www.cuneytdari.com\/index.php\/2025\/07\/08\/spatial-hierarchy-the-architectural-language-of-layered-use\/","title":{"rendered":"Spatial Hierarchy: The Architectural Language of Layered Use"},"content":{"rendered":"<h2>Spatial Hierarchy: The Architectural Language of Layered Use<\/h2>\n<p>At M\u0131s\u0131rl\u0131o\u011flu Architecture, we believe that a building is not merely a sum of its rooms \u2014 it is the relationship between these spaces that defines its true identity. In this context, spatial hierarchy forms the foundation of both functional and perceptual organization in architecture. Transitions from entrance to private spaces, from public to personal, from high to low, guide users through the building step by step, allowing them to experience architecture gradually and meaningfully.<\/p>\n<p>Every space holds a position within a system, and that position is not only physical \u2014 it also carries social, emotional, and cultural meaning.<\/p>\n<h2>Readability Through Hierarchy<\/h2>\n<p>The intuitive sense of direction you feel upon entering a building is a result of spatial hierarchy crafted by the architect. M\u0131s\u0131rl\u0131o\u011flu Architecture establishes this hierarchy through openness-closure ratios, ceiling heights, light intensity, and visual axes. As a result, users don\u2019t need to analyze the space \u2014 the space speaks for itself. A reception area feels inviting, while a private office feels protected. Hierarchy provides not only functionality but also perceptual guidance.<\/p>\n<h2>Horizontal and Vertical Layers<\/h2>\n<p>Spatial hierarchy is established not only on a horizontal plane but also vertically. A high-ceilinged living room versus a low-ceilinged study evokes different emotional responses. Vertical transitions created through stairs, ramps, or elevation shifts introduce rhythm, pause, and emphasis between spaces. M\u0131s\u0131rl\u0131o\u011flu Architecture designs these transitions as sensory experiences, not just pathways of movement.<\/p>\n<h2>Revealed vs. Hidden: The Expression of Hierarchy<\/h2>\n<p>Some spaces reveal themselves immediately, while others remain hidden \u2014 behind a door, beyond a wall. This dynamic guides user curiosity and movement. The contrast between open-plan offices and enclosed meeting rooms draws a boundary between public and private. Here, hierarchy expresses not only spatial arrangement but also social roles and privacy. M\u0131s\u0131rl\u0131o\u011flu Architecture uses this revealed-hidden balance to provide direction and experience, especially in interior design.<\/p>\n<h2>Hierarchy Through Light<\/h2>\n<p>How daylight enters a space \u2014 where it concentrates, where it dims \u2014 shapes the spatial hierarchy. The contrast between a bright lobby and a dim relaxation corner is both visual and psychological. M\u0131s\u0131rl\u0131o\u011flu Architecture uses light not merely as illumination, but as a tool for classifying and defining spaces within a building.<\/p>\n<h2>Cultural Hierarchies and Architectural Transformation<\/h2>\n<p>Every society creates spatial hierarchies based on cultural meanings. In traditional homes, life centers around the courtyard; in modern apartments, it revolves around the living room. Architecture is shaped by these cultural codes. However, contemporary architecture also has the power to transform these norms. Open kitchens, multi-purpose living areas, and co-working spaces propose new, flexible hierarchies for modern lifestyles. M\u0131s\u0131rl\u0131o\u011flu Architecture blends this transformation with respect for the past and openness to the future.<\/p>\n<h2>Conclusion<\/h2>\n<p>Spatial hierarchy is the inner structure of a building. Emotional orientation, behavioral patterns, and spatial experiences are shaped by it \u2014 not just planning decisions. M\u0131s\u0131rl\u0131o\u011flu Architecture builds these layered relationships between spaces, making the structure not only functional but meaningful. Architecture is defined not by the spaces themselves, but by the dialogue between them \u2014 and a well-constructed hierarchy is the most powerful way to express that dialogue.<\/p>\n","protected":false},"excerpt":{"rendered":"<p>Spatial Hierarchy: The Architectural Language of Layered Use At M\u0131s\u0131rl\u0131o\u011flu Architecture, we believe that a building is not merely a sum of its rooms \u2014 it is the relationship between these spaces that defines its true identity. In this context, spatial hierarchy forms the foundation of both functional and perceptual organization in architecture. Transitions from [&hellip;]<\/p>\n","protected":false},"author":1,"featured_media":2963,"comment_status":"open","ping_status":"open","sticky":false,"template":"","format":"standard","meta":{"footnotes":""},"categories":[1],"tags":[],"class_list":["post-2968","post","type-post","status-publish","format-standard","has-post-thumbnail","hentry","category-uncategorized"],"acf":[],"yoast_head":"<!-- This site is optimized with the Yoast SEO plugin v21.7 - https:\/\/yoast.com\/wordpress\/plugins\/seo\/ -->\n<title>Spatial Hierarchy: The Architectural Language of Layered Use - C\u00fcneyt Dar\u0131<\/title>\n<meta name=\"robots\" content=\"index, follow, max-snippet:-1, max-image-preview:large, max-video-preview:-1\" \/>\n<link rel=\"canonical\" href=\"https:\/\/www.cuneytdari.com\/index.php\/2025\/07\/08\/spatial-hierarchy-the-architectural-language-of-layered-use\/\" \/>\n<meta property=\"og:locale\" content=\"tr_TR\" \/>\n<meta property=\"og:type\" content=\"article\" \/>\n<meta property=\"og:title\" content=\"Spatial Hierarchy: The Architectural Language of Layered Use - C\u00fcneyt Dar\u0131\" \/>\n<meta property=\"og:description\" content=\"Spatial Hierarchy: The Architectural Language of Layered Use At M\u0131s\u0131rl\u0131o\u011flu Architecture, we believe that a building is not merely a sum of its rooms \u2014 it is the relationship between these spaces that defines its true identity. In this context, spatial hierarchy forms the foundation of both functional and perceptual organization in architecture. Transitions from [&hellip;]\" \/>\n<meta property=\"og:url\" content=\"https:\/\/www.cuneytdari.com\/index.php\/2025\/07\/08\/spatial-hierarchy-the-architectural-language-of-layered-use\/\" \/>\n<meta property=\"og:site_name\" content=\"C\u00fcneyt Dar\u0131\" \/>\n<meta property=\"article:publisher\" content=\"https:\/\/www.facebook.com\/profile.php?id=100090628053310\" \/>\n<meta property=\"article:published_time\" content=\"2025-07-08T08:41:06+00:00\" \/>\n<meta property=\"article:modified_time\" content=\"2025-07-22T10:19:16+00:00\" \/>\n<meta property=\"og:image\" content=\"https:\/\/www.cuneytdari.com\/wp-content\/uploads\/2025\/07\/6.png\" \/>\n\t<meta property=\"og:image:width\" content=\"1080\" \/>\n\t<meta property=\"og:image:height\" content=\"1080\" \/>\n\t<meta property=\"og:image:type\" content=\"image\/png\" \/>\n<meta name=\"author\" content=\"mubin1156\" \/>\n<meta name=\"twitter:card\" content=\"summary_large_image\" \/>\n<meta name=\"twitter:label1\" content=\"Yazan:\" \/>\n\t<meta name=\"twitter:data1\" content=\"mubin1156\" \/>\n\t<meta name=\"twitter:label2\" content=\"Tahmini okuma s\u00fcresi\" \/>\n\t<meta name=\"twitter:data2\" content=\"4 dakika\" \/>\n<script type=\"application\/ld+json\" class=\"yoast-schema-graph\">{\"@context\":\"https:\/\/schema.org\",\"@graph\":[{\"@type\":\"Article\",\"@id\":\"https:\/\/www.cuneytdari.com\/index.php\/2025\/07\/08\/spatial-hierarchy-the-architectural-language-of-layered-use\/#article\",\"isPartOf\":{\"@id\":\"https:\/\/www.cuneytdari.com\/index.php\/2025\/07\/08\/spatial-hierarchy-the-architectural-language-of-layered-use\/\"},\"author\":{\"name\":\"mubin1156\",\"@id\":\"https:\/\/www.cuneytdari.com\/#\/schema\/person\/260af612cf1ead771d99b04eee255344\"},\"headline\":\"Spatial Hierarchy: The Architectural Language of Layered Use\",\"datePublished\":\"2025-07-08T08:41:06+00:00\",\"dateModified\":\"2025-07-22T10:19:16+00:00\",\"mainEntityOfPage\":{\"@id\":\"https:\/\/www.cuneytdari.com\/index.php\/2025\/07\/08\/spatial-hierarchy-the-architectural-language-of-layered-use\/\"},\"wordCount\":548,\"commentCount\":0,\"publisher\":{\"@id\":\"https:\/\/www.cuneytdari.com\/#organization\"},\"articleSection\":[\"Uncategorized\"],\"inLanguage\":\"tr\",\"potentialAction\":[{\"@type\":\"CommentAction\",\"name\":\"Comment\",\"target\":[\"https:\/\/www.cuneytdari.com\/index.php\/2025\/07\/08\/spatial-hierarchy-the-architectural-language-of-layered-use\/#respond\"]}]},{\"@type\":\"WebPage\",\"@id\":\"https:\/\/www.cuneytdari.com\/index.php\/2025\/07\/08\/spatial-hierarchy-the-architectural-language-of-layered-use\/\",\"url\":\"https:\/\/www.cuneytdari.com\/index.php\/2025\/07\/08\/spatial-hierarchy-the-architectural-language-of-layered-use\/\",\"name\":\"Spatial Hierarchy: The Architectural Language of Layered Use - C\u00fcneyt Dar\u0131\",\"isPartOf\":{\"@id\":\"https:\/\/www.cuneytdari.com\/#website\"},\"datePublished\":\"2025-07-08T08:41:06+00:00\",\"dateModified\":\"2025-07-22T10:19:16+00:00\",\"breadcrumb\":{\"@id\":\"https:\/\/www.cuneytdari.com\/index.php\/2025\/07\/08\/spatial-hierarchy-the-architectural-language-of-layered-use\/#breadcrumb\"},\"inLanguage\":\"tr\",\"potentialAction\":[{\"@type\":\"ReadAction\",\"target\":[\"https:\/\/www.cuneytdari.com\/index.php\/2025\/07\/08\/spatial-hierarchy-the-architectural-language-of-layered-use\/\"]}]},{\"@type\":\"BreadcrumbList\",\"@id\":\"https:\/\/www.cuneytdari.com\/index.php\/2025\/07\/08\/spatial-hierarchy-the-architectural-language-of-layered-use\/#breadcrumb\",\"itemListElement\":[{\"@type\":\"ListItem\",\"position\":1,\"name\":\"Anasayfa\",\"item\":\"https:\/\/www.cuneytdari.com\/\"},{\"@type\":\"ListItem\",\"position\":2,\"name\":\"Spatial Hierarchy: The Architectural Language of Layered Use\"}]},{\"@type\":\"WebSite\",\"@id\":\"https:\/\/www.cuneytdari.com\/#website\",\"url\":\"https:\/\/www.cuneytdari.com\/\",\"name\":\"C\u00fcneyt Dar\u0131\",\"description\":\"Mimarl\u0131k | Architecture\",\"publisher\":{\"@id\":\"https:\/\/www.cuneytdari.com\/#organization\"},\"potentialAction\":[{\"@type\":\"SearchAction\",\"target\":{\"@type\":\"EntryPoint\",\"urlTemplate\":\"https:\/\/www.cuneytdari.com\/?s={search_term_string}\"},\"query-input\":\"required name=search_term_string\"}],\"inLanguage\":\"tr\"},{\"@type\":\"Organization\",\"@id\":\"https:\/\/www.cuneytdari.com\/#organization\",\"name\":\"C\u00fcneyt Dar\u0131\",\"url\":\"https:\/\/www.cuneytdari.com\/\",\"logo\":{\"@type\":\"ImageObject\",\"inLanguage\":\"tr\",\"@id\":\"https:\/\/www.cuneytdari.com\/#\/schema\/logo\/image\/\",\"url\":\"https:\/\/www.cuneytdari.com\/wp-content\/uploads\/2023\/05\/Adsiz-tasarim.png\",\"contentUrl\":\"https:\/\/www.cuneytdari.com\/wp-content\/uploads\/2023\/05\/Adsiz-tasarim.png\",\"width\":1024,\"height\":1024,\"caption\":\"C\u00fcneyt Dar\u0131\"},\"image\":{\"@id\":\"https:\/\/www.cuneytdari.com\/#\/schema\/logo\/image\/\"},\"sameAs\":[\"https:\/\/www.facebook.com\/profile.php?id=100090628053310\",\"https:\/\/www.instagram.com\/cuneytdariofficial\/\"]},{\"@type\":\"Person\",\"@id\":\"https:\/\/www.cuneytdari.com\/#\/schema\/person\/260af612cf1ead771d99b04eee255344\",\"name\":\"mubin1156\",\"image\":{\"@type\":\"ImageObject\",\"inLanguage\":\"tr\",\"@id\":\"https:\/\/www.cuneytdari.com\/#\/schema\/person\/image\/\",\"url\":\"https:\/\/secure.gravatar.com\/avatar\/96a7af49cbe18887df05c772d60d1327104b8186ba4447f5e2c8be6300f078a8?s=96&d=mm&r=g\",\"contentUrl\":\"https:\/\/secure.gravatar.com\/avatar\/96a7af49cbe18887df05c772d60d1327104b8186ba4447f5e2c8be6300f078a8?s=96&d=mm&r=g\",\"caption\":\"mubin1156\"},\"sameAs\":[\"http:\/\/www.cuneytdari.com\"],\"url\":\"https:\/\/www.cuneytdari.com\/index.php\/author\/mubin1156\/\"}]}<\/script>\n<!-- \/ Yoast SEO plugin. -->","yoast_head_json":{"title":"Spatial Hierarchy: The Architectural Language of Layered Use - C\u00fcneyt Dar\u0131","robots":{"index":"index","follow":"follow","max-snippet":"max-snippet:-1","max-image-preview":"max-image-preview:large","max-video-preview":"max-video-preview:-1"},"canonical":"https:\/\/www.cuneytdari.com\/index.php\/2025\/07\/08\/spatial-hierarchy-the-architectural-language-of-layered-use\/","og_locale":"tr_TR","og_type":"article","og_title":"Spatial Hierarchy: The Architectural Language of Layered Use - C\u00fcneyt Dar\u0131","og_description":"Spatial Hierarchy: The Architectural Language of Layered Use At M\u0131s\u0131rl\u0131o\u011flu Architecture, we believe that a building is not merely a sum of its rooms \u2014 it is the relationship between these spaces that defines its true identity. In this context, spatial hierarchy forms the foundation of both functional and perceptual organization in architecture. Transitions from [&hellip;]","og_url":"https:\/\/www.cuneytdari.com\/index.php\/2025\/07\/08\/spatial-hierarchy-the-architectural-language-of-layered-use\/","og_site_name":"C\u00fcneyt Dar\u0131","article_publisher":"https:\/\/www.facebook.com\/profile.php?id=100090628053310","article_published_time":"2025-07-08T08:41:06+00:00","article_modified_time":"2025-07-22T10:19:16+00:00","og_image":[{"width":1080,"height":1080,"url":"https:\/\/www.cuneytdari.com\/wp-content\/uploads\/2025\/07\/6.png","type":"image\/png"}],"author":"mubin1156","twitter_card":"summary_large_image","twitter_misc":{"Yazan:":"mubin1156","Tahmini okuma s\u00fcresi":"4 dakika"},"schema":{"@context":"https:\/\/schema.org","@graph":[{"@type":"Article","@id":"https:\/\/www.cuneytdari.com\/index.php\/2025\/07\/08\/spatial-hierarchy-the-architectural-language-of-layered-use\/#article","isPartOf":{"@id":"https:\/\/www.cuneytdari.com\/index.php\/2025\/07\/08\/spatial-hierarchy-the-architectural-language-of-layered-use\/"},"author":{"name":"mubin1156","@id":"https:\/\/www.cuneytdari.com\/#\/schema\/person\/260af612cf1ead771d99b04eee255344"},"headline":"Spatial Hierarchy: The Architectural Language of Layered Use","datePublished":"2025-07-08T08:41:06+00:00","dateModified":"2025-07-22T10:19:16+00:00","mainEntityOfPage":{"@id":"https:\/\/www.cuneytdari.com\/index.php\/2025\/07\/08\/spatial-hierarchy-the-architectural-language-of-layered-use\/"},"wordCount":548,"commentCount":0,"publisher":{"@id":"https:\/\/www.cuneytdari.com\/#organization"},"articleSection":["Uncategorized"],"inLanguage":"tr","potentialAction":[{"@type":"CommentAction","name":"Comment","target":["https:\/\/www.cuneytdari.com\/index.php\/2025\/07\/08\/spatial-hierarchy-the-architectural-language-of-layered-use\/#respond"]}]},{"@type":"WebPage","@id":"https:\/\/www.cuneytdari.com\/index.php\/2025\/07\/08\/spatial-hierarchy-the-architectural-language-of-layered-use\/","url":"https:\/\/www.cuneytdari.com\/index.php\/2025\/07\/08\/spatial-hierarchy-the-architectural-language-of-layered-use\/","name":"Spatial Hierarchy: The Architectural Language of Layered Use - C\u00fcneyt Dar\u0131","isPartOf":{"@id":"https:\/\/www.cuneytdari.com\/#website"},"datePublished":"2025-07-08T08:41:06+00:00","dateModified":"2025-07-22T10:19:16+00:00","breadcrumb":{"@id":"https:\/\/www.cuneytdari.com\/index.php\/2025\/07\/08\/spatial-hierarchy-the-architectural-language-of-layered-use\/#breadcrumb"},"inLanguage":"tr","potentialAction":[{"@type":"ReadAction","target":["https:\/\/www.cuneytdari.com\/index.php\/2025\/07\/08\/spatial-hierarchy-the-architectural-language-of-layered-use\/"]}]},{"@type":"BreadcrumbList","@id":"https:\/\/www.cuneytdari.com\/index.php\/2025\/07\/08\/spatial-hierarchy-the-architectural-language-of-layered-use\/#breadcrumb","itemListElement":[{"@type":"ListItem","position":1,"name":"Anasayfa","item":"https:\/\/www.cuneytdari.com\/"},{"@type":"ListItem","position":2,"name":"Spatial Hierarchy: The Architectural Language of Layered Use"}]},{"@type":"WebSite","@id":"https:\/\/www.cuneytdari.com\/#website","url":"https:\/\/www.cuneytdari.com\/","name":"C\u00fcneyt Dar\u0131","description":"Mimarl\u0131k | Architecture","publisher":{"@id":"https:\/\/www.cuneytdari.com\/#organization"},"potentialAction":[{"@type":"SearchAction","target":{"@type":"EntryPoint","urlTemplate":"https:\/\/www.cuneytdari.com\/?s={search_term_string}"},"query-input":"required name=search_term_string"}],"inLanguage":"tr"},{"@type":"Organization","@id":"https:\/\/www.cuneytdari.com\/#organization","name":"C\u00fcneyt Dar\u0131","url":"https:\/\/www.cuneytdari.com\/","logo":{"@type":"ImageObject","inLanguage":"tr","@id":"https:\/\/www.cuneytdari.com\/#\/schema\/logo\/image\/","url":"https:\/\/www.cuneytdari.com\/wp-content\/uploads\/2023\/05\/Adsiz-tasarim.png","contentUrl":"https:\/\/www.cuneytdari.com\/wp-content\/uploads\/2023\/05\/Adsiz-tasarim.png","width":1024,"height":1024,"caption":"C\u00fcneyt Dar\u0131"},"image":{"@id":"https:\/\/www.cuneytdari.com\/#\/schema\/logo\/image\/"},"sameAs":["https:\/\/www.facebook.com\/profile.php?id=100090628053310","https:\/\/www.instagram.com\/cuneytdariofficial\/"]},{"@type":"Person","@id":"https:\/\/www.cuneytdari.com\/#\/schema\/person\/260af612cf1ead771d99b04eee255344","name":"mubin1156","image":{"@type":"ImageObject","inLanguage":"tr","@id":"https:\/\/www.cuneytdari.com\/#\/schema\/person\/image\/","url":"https:\/\/secure.gravatar.com\/avatar\/96a7af49cbe18887df05c772d60d1327104b8186ba4447f5e2c8be6300f078a8?s=96&d=mm&r=g","contentUrl":"https:\/\/secure.gravatar.com\/avatar\/96a7af49cbe18887df05c772d60d1327104b8186ba4447f5e2c8be6300f078a8?s=96&d=mm&r=g","caption":"mubin1156"},"sameAs":["http:\/\/www.cuneytdari.com"],"url":"https:\/\/www.cuneytdari.com\/index.php\/author\/mubin1156\/"}]}},"_links":{"self":[{"href":"https:\/\/www.cuneytdari.com\/index.php\/wp-json\/wp\/v2\/posts\/2968","targetHints":{"allow":["GET"]}}],"collection":[{"href":"https:\/\/www.cuneytdari.com\/index.php\/wp-json\/wp\/v2\/posts"}],"about":[{"href":"https:\/\/www.cuneytdari.com\/index.php\/wp-json\/wp\/v2\/types\/post"}],"author":[{"embeddable":true,"href":"https:\/\/www.cuneytdari.com\/index.php\/wp-json\/wp\/v2\/users\/1"}],"replies":[{"embeddable":true,"href":"https:\/\/www.cuneytdari.com\/index.php\/wp-json\/wp\/v2\/comments?post=2968"}],"version-history":[{"count":1,"href":"https:\/\/www.cuneytdari.com\/index.php\/wp-json\/wp\/v2\/posts\/2968\/revisions"}],"predecessor-version":[{"id":2970,"href":"https:\/\/www.cuneytdari.com\/index.php\/wp-json\/wp\/v2\/posts\/2968\/revisions\/2970"}],"wp:featuredmedia":[{"embeddable":true,"href":"https:\/\/www.cuneytdari.com\/index.php\/wp-json\/wp\/v2\/media\/2963"}],"wp:attachment":[{"href":"https:\/\/www.cuneytdari.com\/index.php\/wp-json\/wp\/v2\/media?parent=2968"}],"wp:term":[{"taxonomy":"category","embeddable":true,"href":"https:\/\/www.cuneytdari.com\/index.php\/wp-json\/wp\/v2\/categories?post=2968"},{"taxonomy":"post_tag","embeddable":true,"href":"https:\/\/www.cuneytdari.com\/index.php\/wp-json\/wp\/v2\/tags?post=2968"}],"curies":[{"name":"wp","href":"https:\/\/api.w.org\/{rel}","templated":true}]}}