{"id":2974,"date":"2025-07-08T11:44:01","date_gmt":"2025-07-08T08:44:01","guid":{"rendered":"https:\/\/www.cuneytdari.com\/?p=2974"},"modified":"2025-07-22T13:19:38","modified_gmt":"2025-07-22T10:19:38","slug":"architecture-and-memory-the-temporal-identity-of-buildings-the-concept-of-memory-in-architecture","status":"publish","type":"post","link":"https:\/\/www.cuneytdari.com\/index.php\/2025\/07\/08\/architecture-and-memory-the-temporal-identity-of-buildings-the-concept-of-memory-in-architecture\/","title":{"rendered":"Architecture and Memory: The Temporal Identity of Buildings The Concept of Memory in Architecture"},"content":{"rendered":"<h2>Architecture and Memory: The Temporal Identity of Buildings<\/h2>\n<h2>The Concept of Memory in Architecture<\/h2>\n<p>At M\u0131s\u0131rl\u0131o\u011flu Architecture, we believe that every building is more than just a physical structure \u2014 it is a time capsule. Buildings carry the memories, cultural traces, and user experiences within them. This memory forms the identity of the structure and creates a bridge to the future.<\/p>\n<h2>Temporal Layers: A Bridge Between Past and Future<\/h2>\n<p>In architectural design, it is essential to balance traces of the past with the needs of the present. Whether it\u2019s restoring a historic building or incorporating traditional elements into contemporary architecture, the layers of time converge. M\u0131s\u0131rl\u0131o\u011flu Architecture carefully evaluates these layers to bring depth and meaning to each space.<\/p>\n<h2>User Memory and Spatial Perception<\/h2>\n<p>Spaces are remembered differently by those who use them. A school corridor, the stone pavement of a square, or the garden of a home \u2014 each holds personal and collective memories. When emotional memory is considered during the design process, spaces become not just functional but also deeply meaningful.<\/p>\n<h2>Sustainable Architecture and Memory<\/h2>\n<p>Traditional building techniques and materials carry not only aesthetic value but also a memory of sustainability. Using long-lasting materials contributes to preserving the identity of the structure over time. M\u0131s\u0131rl\u0131o\u011flu Architecture integrates sustainability with spatial memory to design permanent, living buildings.<\/p>\n<h2>Conclusion<\/h2>\n<p>Architecture is a living and evolving art over time. Buildings are memory spaces that carry the marks of the past and the present. By prioritizing this temporal identity, M\u0131s\u0131rl\u0131o\u011flu Architecture aims to develop projects that are not only aesthetic and functional but also enriched with memory and culture.<\/p>\n","protected":false},"excerpt":{"rendered":"<p>Architecture and Memory: The Temporal Identity of Buildings The Concept of Memory in Architecture At M\u0131s\u0131rl\u0131o\u011flu Architecture, we believe that every building is more than just a physical structure \u2014 it is a time capsule. Buildings carry the memories, cultural traces, and user experiences within them. This memory forms the identity of the structure and [&hellip;]<\/p>\n","protected":false},"author":1,"featured_media":2969,"comment_status":"open","ping_status":"open","sticky":false,"template":"","format":"standard","meta":{"footnotes":""},"categories":[1],"tags":[],"class_list":["post-2974","post","type-post","status-publish","format-standard","has-post-thumbnail","hentry","category-uncategorized"],"acf":[],"yoast_head":"<!-- This site is optimized with the Yoast SEO plugin v21.7 - https:\/\/yoast.com\/wordpress\/plugins\/seo\/ -->\n<title>Architecture and Memory: The Temporal Identity of Buildings The Concept of Memory in Architecture - C\u00fcneyt Dar\u0131<\/title>\n<meta name=\"robots\" content=\"index, follow, max-snippet:-1, max-image-preview:large, max-video-preview:-1\" \/>\n<link rel=\"canonical\" href=\"https:\/\/www.cuneytdari.com\/index.php\/2025\/07\/08\/architecture-and-memory-the-temporal-identity-of-buildings-the-concept-of-memory-in-architecture\/\" \/>\n<meta property=\"og:locale\" content=\"tr_TR\" \/>\n<meta property=\"og:type\" content=\"article\" \/>\n<meta property=\"og:title\" content=\"Architecture and Memory: The Temporal Identity of Buildings The Concept of Memory in Architecture - C\u00fcneyt Dar\u0131\" \/>\n<meta property=\"og:description\" content=\"Architecture and Memory: The Temporal Identity of Buildings The Concept of Memory in Architecture At M\u0131s\u0131rl\u0131o\u011flu Architecture, we believe that every building is more than just a physical structure \u2014 it is a time capsule. Buildings carry the memories, cultural traces, and user experiences within them. This memory forms the identity of the structure and [&hellip;]\" \/>\n<meta property=\"og:url\" content=\"https:\/\/www.cuneytdari.com\/index.php\/2025\/07\/08\/architecture-and-memory-the-temporal-identity-of-buildings-the-concept-of-memory-in-architecture\/\" \/>\n<meta property=\"og:site_name\" content=\"C\u00fcneyt Dar\u0131\" \/>\n<meta property=\"article:publisher\" content=\"https:\/\/www.facebook.com\/profile.php?id=100090628053310\" \/>\n<meta property=\"article:published_time\" content=\"2025-07-08T08:44:01+00:00\" \/>\n<meta property=\"article:modified_time\" content=\"2025-07-22T10:19:38+00:00\" \/>\n<meta property=\"og:image\" content=\"https:\/\/www.cuneytdari.com\/wp-content\/uploads\/2025\/07\/8-1024x1024.png\" \/>\n\t<meta property=\"og:image:width\" content=\"1024\" \/>\n\t<meta property=\"og:image:height\" content=\"1024\" \/>\n\t<meta property=\"og:image:type\" content=\"image\/png\" \/>\n<meta name=\"author\" content=\"mubin1156\" \/>\n<meta name=\"twitter:card\" content=\"summary_large_image\" \/>\n<meta name=\"twitter:label1\" content=\"Yazan:\" \/>\n\t<meta name=\"twitter:data1\" content=\"mubin1156\" \/>\n\t<meta name=\"twitter:label2\" content=\"Tahmini okuma s\u00fcresi\" \/>\n\t<meta name=\"twitter:data2\" content=\"2 dakika\" \/>\n<script type=\"application\/ld+json\" class=\"yoast-schema-graph\">{\"@context\":\"https:\/\/schema.org\",\"@graph\":[{\"@type\":\"Article\",\"@id\":\"https:\/\/www.cuneytdari.com\/index.php\/2025\/07\/08\/architecture-and-memory-the-temporal-identity-of-buildings-the-concept-of-memory-in-architecture\/#article\",\"isPartOf\":{\"@id\":\"https:\/\/www.cuneytdari.com\/index.php\/2025\/07\/08\/architecture-and-memory-the-temporal-identity-of-buildings-the-concept-of-memory-in-architecture\/\"},\"author\":{\"name\":\"mubin1156\",\"@id\":\"https:\/\/www.cuneytdari.com\/#\/schema\/person\/260af612cf1ead771d99b04eee255344\"},\"headline\":\"Architecture and Memory: The Temporal Identity of Buildings The Concept of Memory in Architecture\",\"datePublished\":\"2025-07-08T08:44:01+00:00\",\"dateModified\":\"2025-07-22T10:19:38+00:00\",\"mainEntityOfPage\":{\"@id\":\"https:\/\/www.cuneytdari.com\/index.php\/2025\/07\/08\/architecture-and-memory-the-temporal-identity-of-buildings-the-concept-of-memory-in-architecture\/\"},\"wordCount\":296,\"commentCount\":0,\"publisher\":{\"@id\":\"https:\/\/www.cuneytdari.com\/#organization\"},\"articleSection\":[\"Uncategorized\"],\"inLanguage\":\"tr\",\"potentialAction\":[{\"@type\":\"CommentAction\",\"name\":\"Comment\",\"target\":[\"https:\/\/www.cuneytdari.com\/index.php\/2025\/07\/08\/architecture-and-memory-the-temporal-identity-of-buildings-the-concept-of-memory-in-architecture\/#respond\"]}]},{\"@type\":\"WebPage\",\"@id\":\"https:\/\/www.cuneytdari.com\/index.php\/2025\/07\/08\/architecture-and-memory-the-temporal-identity-of-buildings-the-concept-of-memory-in-architecture\/\",\"url\":\"https:\/\/www.cuneytdari.com\/index.php\/2025\/07\/08\/architecture-and-memory-the-temporal-identity-of-buildings-the-concept-of-memory-in-architecture\/\",\"name\":\"Architecture and Memory: The Temporal Identity of Buildings The Concept of Memory in Architecture - C\u00fcneyt Dar\u0131\",\"isPartOf\":{\"@id\":\"https:\/\/www.cuneytdari.com\/#website\"},\"datePublished\":\"2025-07-08T08:44:01+00:00\",\"dateModified\":\"2025-07-22T10:19:38+00:00\",\"breadcrumb\":{\"@id\":\"https:\/\/www.cuneytdari.com\/index.php\/2025\/07\/08\/architecture-and-memory-the-temporal-identity-of-buildings-the-concept-of-memory-in-architecture\/#breadcrumb\"},\"inLanguage\":\"tr\",\"potentialAction\":[{\"@type\":\"ReadAction\",\"target\":[\"https:\/\/www.cuneytdari.com\/index.php\/2025\/07\/08\/architecture-and-memory-the-temporal-identity-of-buildings-the-concept-of-memory-in-architecture\/\"]}]},{\"@type\":\"BreadcrumbList\",\"@id\":\"https:\/\/www.cuneytdari.com\/index.php\/2025\/07\/08\/architecture-and-memory-the-temporal-identity-of-buildings-the-concept-of-memory-in-architecture\/#breadcrumb\",\"itemListElement\":[{\"@type\":\"ListItem\",\"position\":1,\"name\":\"Anasayfa\",\"item\":\"https:\/\/www.cuneytdari.com\/\"},{\"@type\":\"ListItem\",\"position\":2,\"name\":\"Architecture and Memory: The Temporal Identity of Buildings The Concept of Memory in Architecture\"}]},{\"@type\":\"WebSite\",\"@id\":\"https:\/\/www.cuneytdari.com\/#website\",\"url\":\"https:\/\/www.cuneytdari.com\/\",\"name\":\"C\u00fcneyt Dar\u0131\",\"description\":\"Mimarl\u0131k | Architecture\",\"publisher\":{\"@id\":\"https:\/\/www.cuneytdari.com\/#organization\"},\"potentialAction\":[{\"@type\":\"SearchAction\",\"target\":{\"@type\":\"EntryPoint\",\"urlTemplate\":\"https:\/\/www.cuneytdari.com\/?s={search_term_string}\"},\"query-input\":\"required name=search_term_string\"}],\"inLanguage\":\"tr\"},{\"@type\":\"Organization\",\"@id\":\"https:\/\/www.cuneytdari.com\/#organization\",\"name\":\"C\u00fcneyt Dar\u0131\",\"url\":\"https:\/\/www.cuneytdari.com\/\",\"logo\":{\"@type\":\"ImageObject\",\"inLanguage\":\"tr\",\"@id\":\"https:\/\/www.cuneytdari.com\/#\/schema\/logo\/image\/\",\"url\":\"https:\/\/www.cuneytdari.com\/wp-content\/uploads\/2023\/05\/Adsiz-tasarim.png\",\"contentUrl\":\"https:\/\/www.cuneytdari.com\/wp-content\/uploads\/2023\/05\/Adsiz-tasarim.png\",\"width\":1024,\"height\":1024,\"caption\":\"C\u00fcneyt Dar\u0131\"},\"image\":{\"@id\":\"https:\/\/www.cuneytdari.com\/#\/schema\/logo\/image\/\"},\"sameAs\":[\"https:\/\/www.facebook.com\/profile.php?id=100090628053310\",\"https:\/\/www.instagram.com\/cuneytdariofficial\/\"]},{\"@type\":\"Person\",\"@id\":\"https:\/\/www.cuneytdari.com\/#\/schema\/person\/260af612cf1ead771d99b04eee255344\",\"name\":\"mubin1156\",\"image\":{\"@type\":\"ImageObject\",\"inLanguage\":\"tr\",\"@id\":\"https:\/\/www.cuneytdari.com\/#\/schema\/person\/image\/\",\"url\":\"https:\/\/secure.gravatar.com\/avatar\/96a7af49cbe18887df05c772d60d1327104b8186ba4447f5e2c8be6300f078a8?s=96&d=mm&r=g\",\"contentUrl\":\"https:\/\/secure.gravatar.com\/avatar\/96a7af49cbe18887df05c772d60d1327104b8186ba4447f5e2c8be6300f078a8?s=96&d=mm&r=g\",\"caption\":\"mubin1156\"},\"sameAs\":[\"http:\/\/www.cuneytdari.com\"],\"url\":\"https:\/\/www.cuneytdari.com\/index.php\/author\/mubin1156\/\"}]}<\/script>\n<!-- \/ Yoast SEO plugin. -->","yoast_head_json":{"title":"Architecture and Memory: The Temporal Identity of Buildings The Concept of Memory in Architecture - C\u00fcneyt Dar\u0131","robots":{"index":"index","follow":"follow","max-snippet":"max-snippet:-1","max-image-preview":"max-image-preview:large","max-video-preview":"max-video-preview:-1"},"canonical":"https:\/\/www.cuneytdari.com\/index.php\/2025\/07\/08\/architecture-and-memory-the-temporal-identity-of-buildings-the-concept-of-memory-in-architecture\/","og_locale":"tr_TR","og_type":"article","og_title":"Architecture and Memory: The Temporal Identity of Buildings The Concept of Memory in Architecture - C\u00fcneyt Dar\u0131","og_description":"Architecture and Memory: The Temporal Identity of Buildings The Concept of Memory in Architecture At M\u0131s\u0131rl\u0131o\u011flu Architecture, we believe that every building is more than just a physical structure \u2014 it is a time capsule. Buildings carry the memories, cultural traces, and user experiences within them. This memory forms the identity of the structure and [&hellip;]","og_url":"https:\/\/www.cuneytdari.com\/index.php\/2025\/07\/08\/architecture-and-memory-the-temporal-identity-of-buildings-the-concept-of-memory-in-architecture\/","og_site_name":"C\u00fcneyt Dar\u0131","article_publisher":"https:\/\/www.facebook.com\/profile.php?id=100090628053310","article_published_time":"2025-07-08T08:44:01+00:00","article_modified_time":"2025-07-22T10:19:38+00:00","og_image":[{"width":1024,"height":1024,"url":"https:\/\/www.cuneytdari.com\/wp-content\/uploads\/2025\/07\/8-1024x1024.png","type":"image\/png"}],"author":"mubin1156","twitter_card":"summary_large_image","twitter_misc":{"Yazan:":"mubin1156","Tahmini okuma s\u00fcresi":"2 dakika"},"schema":{"@context":"https:\/\/schema.org","@graph":[{"@type":"Article","@id":"https:\/\/www.cuneytdari.com\/index.php\/2025\/07\/08\/architecture-and-memory-the-temporal-identity-of-buildings-the-concept-of-memory-in-architecture\/#article","isPartOf":{"@id":"https:\/\/www.cuneytdari.com\/index.php\/2025\/07\/08\/architecture-and-memory-the-temporal-identity-of-buildings-the-concept-of-memory-in-architecture\/"},"author":{"name":"mubin1156","@id":"https:\/\/www.cuneytdari.com\/#\/schema\/person\/260af612cf1ead771d99b04eee255344"},"headline":"Architecture and Memory: The Temporal Identity of Buildings The Concept of Memory in Architecture","datePublished":"2025-07-08T08:44:01+00:00","dateModified":"2025-07-22T10:19:38+00:00","mainEntityOfPage":{"@id":"https:\/\/www.cuneytdari.com\/index.php\/2025\/07\/08\/architecture-and-memory-the-temporal-identity-of-buildings-the-concept-of-memory-in-architecture\/"},"wordCount":296,"commentCount":0,"publisher":{"@id":"https:\/\/www.cuneytdari.com\/#organization"},"articleSection":["Uncategorized"],"inLanguage":"tr","potentialAction":[{"@type":"CommentAction","name":"Comment","target":["https:\/\/www.cuneytdari.com\/index.php\/2025\/07\/08\/architecture-and-memory-the-temporal-identity-of-buildings-the-concept-of-memory-in-architecture\/#respond"]}]},{"@type":"WebPage","@id":"https:\/\/www.cuneytdari.com\/index.php\/2025\/07\/08\/architecture-and-memory-the-temporal-identity-of-buildings-the-concept-of-memory-in-architecture\/","url":"https:\/\/www.cuneytdari.com\/index.php\/2025\/07\/08\/architecture-and-memory-the-temporal-identity-of-buildings-the-concept-of-memory-in-architecture\/","name":"Architecture and Memory: The Temporal Identity of Buildings The Concept of Memory in Architecture - C\u00fcneyt Dar\u0131","isPartOf":{"@id":"https:\/\/www.cuneytdari.com\/#website"},"datePublished":"2025-07-08T08:44:01+00:00","dateModified":"2025-07-22T10:19:38+00:00","breadcrumb":{"@id":"https:\/\/www.cuneytdari.com\/index.php\/2025\/07\/08\/architecture-and-memory-the-temporal-identity-of-buildings-the-concept-of-memory-in-architecture\/#breadcrumb"},"inLanguage":"tr","potentialAction":[{"@type":"ReadAction","target":["https:\/\/www.cuneytdari.com\/index.php\/2025\/07\/08\/architecture-and-memory-the-temporal-identity-of-buildings-the-concept-of-memory-in-architecture\/"]}]},{"@type":"BreadcrumbList","@id":"https:\/\/www.cuneytdari.com\/index.php\/2025\/07\/08\/architecture-and-memory-the-temporal-identity-of-buildings-the-concept-of-memory-in-architecture\/#breadcrumb","itemListElement":[{"@type":"ListItem","position":1,"name":"Anasayfa","item":"https:\/\/www.cuneytdari.com\/"},{"@type":"ListItem","position":2,"name":"Architecture and Memory: The Temporal Identity of Buildings The Concept of Memory in Architecture"}]},{"@type":"WebSite","@id":"https:\/\/www.cuneytdari.com\/#website","url":"https:\/\/www.cuneytdari.com\/","name":"C\u00fcneyt Dar\u0131","description":"Mimarl\u0131k | Architecture","publisher":{"@id":"https:\/\/www.cuneytdari.com\/#organization"},"potentialAction":[{"@type":"SearchAction","target":{"@type":"EntryPoint","urlTemplate":"https:\/\/www.cuneytdari.com\/?s={search_term_string}"},"query-input":"required name=search_term_string"}],"inLanguage":"tr"},{"@type":"Organization","@id":"https:\/\/www.cuneytdari.com\/#organization","name":"C\u00fcneyt Dar\u0131","url":"https:\/\/www.cuneytdari.com\/","logo":{"@type":"ImageObject","inLanguage":"tr","@id":"https:\/\/www.cuneytdari.com\/#\/schema\/logo\/image\/","url":"https:\/\/www.cuneytdari.com\/wp-content\/uploads\/2023\/05\/Adsiz-tasarim.png","contentUrl":"https:\/\/www.cuneytdari.com\/wp-content\/uploads\/2023\/05\/Adsiz-tasarim.png","width":1024,"height":1024,"caption":"C\u00fcneyt Dar\u0131"},"image":{"@id":"https:\/\/www.cuneytdari.com\/#\/schema\/logo\/image\/"},"sameAs":["https:\/\/www.facebook.com\/profile.php?id=100090628053310","https:\/\/www.instagram.com\/cuneytdariofficial\/"]},{"@type":"Person","@id":"https:\/\/www.cuneytdari.com\/#\/schema\/person\/260af612cf1ead771d99b04eee255344","name":"mubin1156","image":{"@type":"ImageObject","inLanguage":"tr","@id":"https:\/\/www.cuneytdari.com\/#\/schema\/person\/image\/","url":"https:\/\/secure.gravatar.com\/avatar\/96a7af49cbe18887df05c772d60d1327104b8186ba4447f5e2c8be6300f078a8?s=96&d=mm&r=g","contentUrl":"https:\/\/secure.gravatar.com\/avatar\/96a7af49cbe18887df05c772d60d1327104b8186ba4447f5e2c8be6300f078a8?s=96&d=mm&r=g","caption":"mubin1156"},"sameAs":["http:\/\/www.cuneytdari.com"],"url":"https:\/\/www.cuneytdari.com\/index.php\/author\/mubin1156\/"}]}},"_links":{"self":[{"href":"https:\/\/www.cuneytdari.com\/index.php\/wp-json\/wp\/v2\/posts\/2974","targetHints":{"allow":["GET"]}}],"collection":[{"href":"https:\/\/www.cuneytdari.com\/index.php\/wp-json\/wp\/v2\/posts"}],"about":[{"href":"https:\/\/www.cuneytdari.com\/index.php\/wp-json\/wp\/v2\/types\/post"}],"author":[{"embeddable":true,"href":"https:\/\/www.cuneytdari.com\/index.php\/wp-json\/wp\/v2\/users\/1"}],"replies":[{"embeddable":true,"href":"https:\/\/www.cuneytdari.com\/index.php\/wp-json\/wp\/v2\/comments?post=2974"}],"version-history":[{"count":1,"href":"https:\/\/www.cuneytdari.com\/index.php\/wp-json\/wp\/v2\/posts\/2974\/revisions"}],"predecessor-version":[{"id":2976,"href":"https:\/\/www.cuneytdari.com\/index.php\/wp-json\/wp\/v2\/posts\/2974\/revisions\/2976"}],"wp:featuredmedia":[{"embeddable":true,"href":"https:\/\/www.cuneytdari.com\/index.php\/wp-json\/wp\/v2\/media\/2969"}],"wp:attachment":[{"href":"https:\/\/www.cuneytdari.com\/index.php\/wp-json\/wp\/v2\/media?parent=2974"}],"wp:term":[{"taxonomy":"category","embeddable":true,"href":"https:\/\/www.cuneytdari.com\/index.php\/wp-json\/wp\/v2\/categories?post=2974"},{"taxonomy":"post_tag","embeddable":true,"href":"https:\/\/www.cuneytdari.com\/index.php\/wp-json\/wp\/v2\/tags?post=2974"}],"curies":[{"name":"wp","href":"https:\/\/api.w.org\/{rel}","templated":true}]}}